{"id":987491408,"date":"2026-01-12T16:48:13","date_gmt":"2026-01-12T13:48:13","guid":{"rendered":"https:\/\/www.ainoapteekki.fi\/uncategorized\/kylma-saa-riski-sydamen-vajaatoiminnasta-karsiville\/"},"modified":"2026-01-12T16:48:13","modified_gmt":"2026-01-12T13:48:13","slug":"kylma-saa-riski-sydamen-vajaatoiminnasta-karsiville","status":"publish","type":"post","link":"https:\/\/www.ainoapteekki.fi\/sv\/uncategorized\/kylma-saa-riski-sydamen-vajaatoiminnasta-karsiville\/","title":{"rendered":"Kylm\u00e4 s\u00e4\u00e4 riski syd\u00e4men vajaatoiminnasta k\u00e4rsiville"},"content":{"rendered":"<p>Syd\u00e4men vajaatoimintaa sairastavien kuolleisuus n\u00e4ytt\u00e4isi suurentuvan p\u00e4ivin\u00e4, jotka ovat vuodenaikaan n\u00e4hden poikkeuksellisen kylmi\u00e4 tai kuumia. Ilmi\u00f6 on voimistunut viime vuosina todenn\u00e4k\u00f6isesti v\u00e4est\u00f6n ik\u00e4\u00e4ntymisen ja ilmastonmuutoksen seurauksena.<\/p>\n<p>Tuoreen ruotsalaistutkimuksen havainnot julkaistiin <a href=\"https:\/\/doi.org\/10.1001\/jamacardio.2025.3932\">JAMA Cardiology -lehdess\u00e4<\/a>, ja niiden perusteella syd\u00e4men vajaatoimintaa sairastavien riski menehty\u00e4 on noin 10\u201320 prosenttia suurempi poikkeuksellisen kylmin\u00e4 p\u00e4ivin\u00e4 ja 2\u20138 prosenttia suurempi eritt\u00e4in kuumina p\u00e4ivin\u00e4. Tutkimuksessa k\u00e4ytettiin 250 000 syd\u00e4men vajaatoimintaa sairastavan ja vuosina 2006\u20132021 menehtyneen potilaan rekisteritietoja.<\/p>\n<p>Kylmiin p\u00e4iviin liittyv\u00e4 kuolleisuusvaikutus oli tasainen vuosien varrella, mutta kuumuuteen liitetty vaikutus voimistui vuosina 2014\u20132021. Tutkijat uskovat t\u00e4m\u00e4n johtuvan ilmastonmuutoksen etenemisest\u00e4, mutta merkitt\u00e4v\u00e4 vaikutus on todenn\u00e4k\u00f6isesti my\u00f6s v\u00e4est\u00f6n ik\u00e4\u00e4ntymisell\u00e4.<\/p>\n<p>Kylm\u00e4t p\u00e4iv\u00e4t olivat suurempi riski miehille, diabetesta sairastaville ja diureettil\u00e4\u00e4kityksell\u00e4 oleville. Kuumat p\u00e4iv\u00e4t olivat puolestaan vaarallisempia muun muassa rytmih\u00e4iri\u00f6potilaille.<\/p>\n<p>Vastaavia tuloksia on saatu aiemminkin, mutta l\u00e4mp\u00f6tilan lis\u00e4ksi monet muutkin seikat voivat selitt\u00e4\u00e4 ilmi\u00f6t\u00e4. Kylmyys ja kuumuus voivat esimerkiksi muuttaa ihmisten k\u00e4ytt\u00e4ytymist\u00e4, mik\u00e4 puolestaan heijastuu riskeihin.<\/p>\n<p>Aiempien tutkimusten perusteella poikkeuksellisen kylm\u00e4t ja kuumat p\u00e4iv\u00e4t lis\u00e4\u00e4v\u00e4t my\u00f6s muista syd\u00e4n- ja verisuonitaudeista johtuvia kuolemia. Kylmyys ja kuumuus ovat terveysriski etenkin i\u00e4kk\u00e4ille, pitk\u00e4aikaissairaille sek\u00e4 pienituloisille ja huono-osaisille, jotka eiv\u00e4t pysty suojautumaan s\u00e4ilt\u00e4 yht\u00e4 hyvin kuin varakkaammat.<\/p>\n<p>Syd\u00e4men vajaatoiminta johtuu sairauksista kuten sepelvaltimotaudista ja korkeasta verenpaineesta, jotka h\u00e4iritsev\u00e4t syd\u00e4nlihaksen toimintaa ja heikent\u00e4v\u00e4t sen kyky\u00e4 supistua. Yleisin vajaatoiminnan oire on hengenahdistus rasituksessa.<\/p>\n<p>Vaiva on harvinainen alle 50-vuotiailla, mutta yleistyy nopeasti i\u00e4n my\u00f6t\u00e4. Kuusikymppisist\u00e4 sit\u00e4 potee muutama sadasta, mutta yli 80-vuotiaista jo joka kymmenes.<\/p>","protected":false},"excerpt":{"rendered":"<p>Syd\u00e4men vajaatoimintaa sairastavien kuolleisuus n\u00e4ytt\u00e4isi suurentuvan p\u00e4ivin\u00e4, jotka ovat vuodenaikaan n\u00e4hden poikkeuksellisen kylmi\u00e4 tai kuumia. Ilmi\u00f6 on voimistunut viime vuosina todenn\u00e4k\u00f6isesti v\u00e4est\u00f6n ik\u00e4\u00e4ntymisen ja ilmastonmuutoksen seurauksena. Tuoreen ruotsalaistutkimuksen havainnot julkaistiin JAMA Cardiology -lehdess\u00e4, ja niiden perusteella syd\u00e4men vajaatoimintaa sairastavien riski menehty\u00e4 on noin 10\u201320 prosenttia suurempi poikkeuksellisen kylmin\u00e4 p\u00e4ivin\u00e4 ja 2\u20138 prosenttia suurempi eritt\u00e4in kuumina [&hellip;]<\/p>\n","protected":false},"author":1,"featured_media":0,"comment_status":"open","ping_status":"open","sticky":false,"template":"","format":"standard","meta":{"_et_pb_use_builder":"","_et_pb_old_content":"","_et_gb_content_width":"","footnotes":""},"categories":[1],"tags":[],"class_list":["post-987491408","post","type-post","status-publish","format-standard","hentry","category-uncategorized"],"yoast_head":"<!-- This site is optimized with the Yoast SEO plugin v27.5 - https:\/\/yoast.com\/product\/yoast-seo-wordpress\/ -->\n<title>Kylm\u00e4 s\u00e4\u00e4 riski syd\u00e4men vajaatoiminnasta k\u00e4rsiville - Tapiolan Aino apteekki<\/title>\n<meta name=\"robots\" content=\"index, follow, max-snippet:-1, max-image-preview:large, max-video-preview:-1\" \/>\n<link rel=\"canonical\" href=\"https:\/\/www.ainoapteekki.fi\/sv\/uncategorized\/kylma-saa-riski-sydamen-vajaatoiminnasta-karsiville\/\" \/>\n<meta property=\"og:locale\" content=\"sv_SE\" \/>\n<meta property=\"og:type\" content=\"article\" \/>\n<meta property=\"og:title\" content=\"Kylm\u00e4 s\u00e4\u00e4 riski syd\u00e4men vajaatoiminnasta k\u00e4rsiville - Tapiolan Aino apteekki\" \/>\n<meta property=\"og:description\" content=\"Syd\u00e4men vajaatoimintaa sairastavien kuolleisuus n\u00e4ytt\u00e4isi suurentuvan p\u00e4ivin\u00e4, jotka ovat vuodenaikaan n\u00e4hden poikkeuksellisen kylmi\u00e4 tai kuumia. Ilmi\u00f6 on voimistunut viime vuosina todenn\u00e4k\u00f6isesti v\u00e4est\u00f6n ik\u00e4\u00e4ntymisen ja ilmastonmuutoksen seurauksena. Tuoreen ruotsalaistutkimuksen havainnot julkaistiin JAMA Cardiology -lehdess\u00e4, ja niiden perusteella syd\u00e4men vajaatoimintaa sairastavien riski menehty\u00e4 on noin 10\u201320 prosenttia suurempi poikkeuksellisen kylmin\u00e4 p\u00e4ivin\u00e4 ja 2\u20138 prosenttia suurempi eritt\u00e4in kuumina [&hellip;]\" \/>\n<meta property=\"og:url\" content=\"https:\/\/www.ainoapteekki.fi\/sv\/uncategorized\/kylma-saa-riski-sydamen-vajaatoiminnasta-karsiville\/\" \/>\n<meta property=\"og:site_name\" content=\"Tapiolan Aino apteekki\" \/>\n<meta property=\"article:published_time\" content=\"2026-01-12T13:48:13+00:00\" \/>\n<meta name=\"author\" content=\"admin\" \/>\n<meta name=\"twitter:card\" content=\"summary_large_image\" \/>\n<meta name=\"twitter:label1\" content=\"Skriven av\" \/>\n\t<meta name=\"twitter:data1\" content=\"admin\" \/>\n\t<meta name=\"twitter:label2\" content=\"Ber\u00e4knad l\u00e4stid\" \/>\n\t<meta name=\"twitter:data2\" content=\"1 minut\" \/>\n<script type=\"application\/ld+json\" class=\"yoast-schema-graph\">{\"@context\":\"https:\\\/\\\/schema.org\",\"@graph\":[{\"@type\":\"Article\",\"@id\":\"https:\\\/\\\/www.ainoapteekki.fi\\\/uncategorized\\\/kylma-saa-riski-sydamen-vajaatoiminnasta-karsiville\\\/#article\",\"isPartOf\":{\"@id\":\"https:\\\/\\\/www.ainoapteekki.fi\\\/uncategorized\\\/kylma-saa-riski-sydamen-vajaatoiminnasta-karsiville\\\/\"},\"author\":{\"name\":\"admin\",\"@id\":\"https:\\\/\\\/www.ainoapteekki.fi\\\/#\\\/schema\\\/person\\\/8a11e951d2fbbca338ae8056e563a7f0\"},\"headline\":\"Kylm\u00e4 s\u00e4\u00e4 riski syd\u00e4men vajaatoiminnasta k\u00e4rsiville\",\"datePublished\":\"2026-01-12T13:48:13+00:00\",\"mainEntityOfPage\":{\"@id\":\"https:\\\/\\\/www.ainoapteekki.fi\\\/uncategorized\\\/kylma-saa-riski-sydamen-vajaatoiminnasta-karsiville\\\/\"},\"wordCount\":287,\"commentCount\":0,\"articleSection\":[\"Uncategorized\"],\"inLanguage\":\"sv-SE\",\"potentialAction\":[{\"@type\":\"CommentAction\",\"name\":\"Comment\",\"target\":[\"https:\\\/\\\/www.ainoapteekki.fi\\\/uncategorized\\\/kylma-saa-riski-sydamen-vajaatoiminnasta-karsiville\\\/#respond\"]}]},{\"@type\":\"WebPage\",\"@id\":\"https:\\\/\\\/www.ainoapteekki.fi\\\/uncategorized\\\/kylma-saa-riski-sydamen-vajaatoiminnasta-karsiville\\\/\",\"url\":\"https:\\\/\\\/www.ainoapteekki.fi\\\/uncategorized\\\/kylma-saa-riski-sydamen-vajaatoiminnasta-karsiville\\\/\",\"name\":\"Kylm\u00e4 s\u00e4\u00e4 riski syd\u00e4men vajaatoiminnasta k\u00e4rsiville - Tapiolan Aino apteekki\",\"isPartOf\":{\"@id\":\"https:\\\/\\\/www.ainoapteekki.fi\\\/#website\"},\"datePublished\":\"2026-01-12T13:48:13+00:00\",\"author\":{\"@id\":\"https:\\\/\\\/www.ainoapteekki.fi\\\/#\\\/schema\\\/person\\\/8a11e951d2fbbca338ae8056e563a7f0\"},\"breadcrumb\":{\"@id\":\"https:\\\/\\\/www.ainoapteekki.fi\\\/uncategorized\\\/kylma-saa-riski-sydamen-vajaatoiminnasta-karsiville\\\/#breadcrumb\"},\"inLanguage\":\"sv-SE\",\"potentialAction\":[{\"@type\":\"ReadAction\",\"target\":[\"https:\\\/\\\/www.ainoapteekki.fi\\\/uncategorized\\\/kylma-saa-riski-sydamen-vajaatoiminnasta-karsiville\\\/\"]}]},{\"@type\":\"BreadcrumbList\",\"@id\":\"https:\\\/\\\/www.ainoapteekki.fi\\\/uncategorized\\\/kylma-saa-riski-sydamen-vajaatoiminnasta-karsiville\\\/#breadcrumb\",\"itemListElement\":[{\"@type\":\"ListItem\",\"position\":1,\"name\":\"Etusivu\",\"item\":\"https:\\\/\\\/www.ainoapteekki.fi\\\/\"},{\"@type\":\"ListItem\",\"position\":2,\"name\":\"Kylm\u00e4 s\u00e4\u00e4 riski syd\u00e4men vajaatoiminnasta k\u00e4rsiville\"}]},{\"@type\":\"WebSite\",\"@id\":\"https:\\\/\\\/www.ainoapteekki.fi\\\/#website\",\"url\":\"https:\\\/\\\/www.ainoapteekki.fi\\\/\",\"name\":\"Tapiolan Aino apteekki\",\"description\":\"Uusi apteekkinne Kauppakeskus Ainoassa\",\"potentialAction\":[{\"@type\":\"SearchAction\",\"target\":{\"@type\":\"EntryPoint\",\"urlTemplate\":\"https:\\\/\\\/www.ainoapteekki.fi\\\/?s={search_term_string}\"},\"query-input\":{\"@type\":\"PropertyValueSpecification\",\"valueRequired\":true,\"valueName\":\"search_term_string\"}}],\"inLanguage\":\"sv-SE\"},{\"@type\":\"Person\",\"@id\":\"https:\\\/\\\/www.ainoapteekki.fi\\\/#\\\/schema\\\/person\\\/8a11e951d2fbbca338ae8056e563a7f0\",\"name\":\"admin\",\"image\":{\"@type\":\"ImageObject\",\"inLanguage\":\"sv-SE\",\"@id\":\"https:\\\/\\\/secure.gravatar.com\\\/avatar\\\/142d2d6591ae8e6f90cf6d1df0707366f85446a650f79621ac45ad79f38af2ca?s=96&d=mm&r=g\",\"url\":\"https:\\\/\\\/secure.gravatar.com\\\/avatar\\\/142d2d6591ae8e6f90cf6d1df0707366f85446a650f79621ac45ad79f38af2ca?s=96&d=mm&r=g\",\"contentUrl\":\"https:\\\/\\\/secure.gravatar.com\\\/avatar\\\/142d2d6591ae8e6f90cf6d1df0707366f85446a650f79621ac45ad79f38af2ca?s=96&d=mm&r=g\",\"caption\":\"admin\"},\"sameAs\":[\"http:\\\/\\\/www.ainoapteekki.fi\\\/wpolku\"],\"url\":\"https:\\\/\\\/www.ainoapteekki.fi\\\/sv\\\/author\\\/admin\\\/\"}]}<\/script>\n<!-- \/ Yoast SEO plugin. -->","yoast_head_json":{"title":"Kylm\u00e4 s\u00e4\u00e4 riski syd\u00e4men vajaatoiminnasta k\u00e4rsiville - Tapiolan Aino apteekki","robots":{"index":"index","follow":"follow","max-snippet":"max-snippet:-1","max-image-preview":"max-image-preview:large","max-video-preview":"max-video-preview:-1"},"canonical":"https:\/\/www.ainoapteekki.fi\/sv\/uncategorized\/kylma-saa-riski-sydamen-vajaatoiminnasta-karsiville\/","og_locale":"sv_SE","og_type":"article","og_title":"Kylm\u00e4 s\u00e4\u00e4 riski syd\u00e4men vajaatoiminnasta k\u00e4rsiville - Tapiolan Aino apteekki","og_description":"Syd\u00e4men vajaatoimintaa sairastavien kuolleisuus n\u00e4ytt\u00e4isi suurentuvan p\u00e4ivin\u00e4, jotka ovat vuodenaikaan n\u00e4hden poikkeuksellisen kylmi\u00e4 tai kuumia. Ilmi\u00f6 on voimistunut viime vuosina todenn\u00e4k\u00f6isesti v\u00e4est\u00f6n ik\u00e4\u00e4ntymisen ja ilmastonmuutoksen seurauksena. Tuoreen ruotsalaistutkimuksen havainnot julkaistiin JAMA Cardiology -lehdess\u00e4, ja niiden perusteella syd\u00e4men vajaatoimintaa sairastavien riski menehty\u00e4 on noin 10\u201320 prosenttia suurempi poikkeuksellisen kylmin\u00e4 p\u00e4ivin\u00e4 ja 2\u20138 prosenttia suurempi eritt\u00e4in kuumina [&hellip;]","og_url":"https:\/\/www.ainoapteekki.fi\/sv\/uncategorized\/kylma-saa-riski-sydamen-vajaatoiminnasta-karsiville\/","og_site_name":"Tapiolan Aino apteekki","article_published_time":"2026-01-12T13:48:13+00:00","author":"admin","twitter_card":"summary_large_image","twitter_misc":{"Skriven av":"admin","Ber\u00e4knad l\u00e4stid":"1 minut"},"schema":{"@context":"https:\/\/schema.org","@graph":[{"@type":"Article","@id":"https:\/\/www.ainoapteekki.fi\/uncategorized\/kylma-saa-riski-sydamen-vajaatoiminnasta-karsiville\/#article","isPartOf":{"@id":"https:\/\/www.ainoapteekki.fi\/uncategorized\/kylma-saa-riski-sydamen-vajaatoiminnasta-karsiville\/"},"author":{"name":"admin","@id":"https:\/\/www.ainoapteekki.fi\/#\/schema\/person\/8a11e951d2fbbca338ae8056e563a7f0"},"headline":"Kylm\u00e4 s\u00e4\u00e4 riski syd\u00e4men vajaatoiminnasta k\u00e4rsiville","datePublished":"2026-01-12T13:48:13+00:00","mainEntityOfPage":{"@id":"https:\/\/www.ainoapteekki.fi\/uncategorized\/kylma-saa-riski-sydamen-vajaatoiminnasta-karsiville\/"},"wordCount":287,"commentCount":0,"articleSection":["Uncategorized"],"inLanguage":"sv-SE","potentialAction":[{"@type":"CommentAction","name":"Comment","target":["https:\/\/www.ainoapteekki.fi\/uncategorized\/kylma-saa-riski-sydamen-vajaatoiminnasta-karsiville\/#respond"]}]},{"@type":"WebPage","@id":"https:\/\/www.ainoapteekki.fi\/uncategorized\/kylma-saa-riski-sydamen-vajaatoiminnasta-karsiville\/","url":"https:\/\/www.ainoapteekki.fi\/uncategorized\/kylma-saa-riski-sydamen-vajaatoiminnasta-karsiville\/","name":"Kylm\u00e4 s\u00e4\u00e4 riski syd\u00e4men vajaatoiminnasta k\u00e4rsiville - Tapiolan Aino apteekki","isPartOf":{"@id":"https:\/\/www.ainoapteekki.fi\/#website"},"datePublished":"2026-01-12T13:48:13+00:00","author":{"@id":"https:\/\/www.ainoapteekki.fi\/#\/schema\/person\/8a11e951d2fbbca338ae8056e563a7f0"},"breadcrumb":{"@id":"https:\/\/www.ainoapteekki.fi\/uncategorized\/kylma-saa-riski-sydamen-vajaatoiminnasta-karsiville\/#breadcrumb"},"inLanguage":"sv-SE","potentialAction":[{"@type":"ReadAction","target":["https:\/\/www.ainoapteekki.fi\/uncategorized\/kylma-saa-riski-sydamen-vajaatoiminnasta-karsiville\/"]}]},{"@type":"BreadcrumbList","@id":"https:\/\/www.ainoapteekki.fi\/uncategorized\/kylma-saa-riski-sydamen-vajaatoiminnasta-karsiville\/#breadcrumb","itemListElement":[{"@type":"ListItem","position":1,"name":"Etusivu","item":"https:\/\/www.ainoapteekki.fi\/"},{"@type":"ListItem","position":2,"name":"Kylm\u00e4 s\u00e4\u00e4 riski syd\u00e4men vajaatoiminnasta k\u00e4rsiville"}]},{"@type":"WebSite","@id":"https:\/\/www.ainoapteekki.fi\/#website","url":"https:\/\/www.ainoapteekki.fi\/","name":"Tapiolan Aino apteekki","description":"Ert nya apotek i k\u00f6pcentret Ainoa","potentialAction":[{"@type":"SearchAction","target":{"@type":"EntryPoint","urlTemplate":"https:\/\/www.ainoapteekki.fi\/?s={search_term_string}"},"query-input":{"@type":"PropertyValueSpecification","valueRequired":true,"valueName":"search_term_string"}}],"inLanguage":"sv-SE"},{"@type":"Person","@id":"https:\/\/www.ainoapteekki.fi\/#\/schema\/person\/8a11e951d2fbbca338ae8056e563a7f0","name":"admin","image":{"@type":"ImageObject","inLanguage":"sv-SE","@id":"https:\/\/secure.gravatar.com\/avatar\/142d2d6591ae8e6f90cf6d1df0707366f85446a650f79621ac45ad79f38af2ca?s=96&d=mm&r=g","url":"https:\/\/secure.gravatar.com\/avatar\/142d2d6591ae8e6f90cf6d1df0707366f85446a650f79621ac45ad79f38af2ca?s=96&d=mm&r=g","contentUrl":"https:\/\/secure.gravatar.com\/avatar\/142d2d6591ae8e6f90cf6d1df0707366f85446a650f79621ac45ad79f38af2ca?s=96&d=mm&r=g","caption":"admin"},"sameAs":["http:\/\/www.ainoapteekki.fi\/wpolku"],"url":"https:\/\/www.ainoapteekki.fi\/sv\/author\/admin\/"}]}},"_links":{"self":[{"href":"https:\/\/www.ainoapteekki.fi\/sv\/wp-json\/wp\/v2\/posts\/987491408","targetHints":{"allow":["GET"]}}],"collection":[{"href":"https:\/\/www.ainoapteekki.fi\/sv\/wp-json\/wp\/v2\/posts"}],"about":[{"href":"https:\/\/www.ainoapteekki.fi\/sv\/wp-json\/wp\/v2\/types\/post"}],"author":[{"embeddable":true,"href":"https:\/\/www.ainoapteekki.fi\/sv\/wp-json\/wp\/v2\/users\/1"}],"replies":[{"embeddable":true,"href":"https:\/\/www.ainoapteekki.fi\/sv\/wp-json\/wp\/v2\/comments?post=987491408"}],"version-history":[{"count":0,"href":"https:\/\/www.ainoapteekki.fi\/sv\/wp-json\/wp\/v2\/posts\/987491408\/revisions"}],"wp:attachment":[{"href":"https:\/\/www.ainoapteekki.fi\/sv\/wp-json\/wp\/v2\/media?parent=987491408"}],"wp:term":[{"taxonomy":"category","embeddable":true,"href":"https:\/\/www.ainoapteekki.fi\/sv\/wp-json\/wp\/v2\/categories?post=987491408"},{"taxonomy":"post_tag","embeddable":true,"href":"https:\/\/www.ainoapteekki.fi\/sv\/wp-json\/wp\/v2\/tags?post=987491408"}],"curies":[{"name":"wp","href":"https:\/\/api.w.org\/{rel}","templated":true}]}}